{"id":234,"date":"2021-06-10T10:58:46","date_gmt":"2021-06-10T08:58:46","guid":{"rendered":"http:\/\/www.lesptitsmatins.fr\/?p=234"},"modified":"2021-06-10T10:58:48","modified_gmt":"2021-06-10T08:58:48","slug":"cest-le-mois-du-handicap-dans-le-9e","status":"publish","type":"post","link":"https:\/\/www.lesptitsmatins.fr\/index.php\/2021\/06\/10\/cest-le-mois-du-handicap-dans-le-9e\/","title":{"rendered":"C&rsquo;est le mois du handicap dans le 9e."},"content":{"rendered":"\n<p>\u00c0 l&rsquo;occasion du mois du handicap, la Mairie du 9e vous propose de participer \u00e0 divers animations. <\/p>\n\n\n\n<p><\/p>\n\n\n\n<p>Prochaines animations :<\/p>\n\n\n\n<p>Quand : Samedi 12 juin de 15h \u00e0 16h<\/p>\n\n\n\n<p><br>Initiation ludique \u00e0 l&rsquo;art du mime  <\/p>\n\n\n\n<p>pr\u00e9sence d&rsquo;interpr\u00e8te en LSF<\/p>\n\n\n\n<p>O\u00f9:   Biblioth\u00e8que Louise Walser-Gaillard, 26 rue Chaptal 75009<\/p>\n\n\n\n<p><br><strong>R\u00e9servation obligatoire au 01 49 70 92 80  ou par mail >>\u00a0<a rel=\"noreferrer noopener\" href=\"mailto:bibliotheque.walser-gaillard@paris.fr\" target=\"_blank\">bibliotheque.walser-gaillard@paris.fr<\/a><\/strong><\/p>\n","protected":false},"excerpt":{"rendered":"<p>\u00c0 l&rsquo;occasion du mois du handicap, la Mairie du 9e vous propose de participer \u00e0 divers animations. Prochaines animations : Quand : Samedi 12 juin de 15h \u00e0 16h Initiation ludique \u00e0 l&rsquo;art du mime pr\u00e9sence d&rsquo;interpr\u00e8te en LSF O\u00f9: Biblioth\u00e8que Louise Walser-Gaillard, 26 rue Chaptal 75009 R\u00e9servation obligatoire au 01 49 70 92 80 &hellip; <\/p>\n<p class=\"link-more\"><a href=\"https:\/\/www.lesptitsmatins.fr\/index.php\/2021\/06\/10\/cest-le-mois-du-handicap-dans-le-9e\/\" class=\"more-link\">Continuer la lecture<span class=\"screen-reader-text\"> de &laquo;&nbsp;C&rsquo;est le mois du handicap dans le 9e.&nbsp;&raquo;<\/span><\/a><\/p>\n","protected":false},"author":1,"featured_media":0,"comment_status":"closed","ping_status":"closed","sticky":false,"template":"","format":"standard","meta":[],"categories":[1],"tags":[],"yoast_head":"<!-- This site is optimized with the Yoast SEO plugin v19.13 - https:\/\/yoast.com\/wordpress\/plugins\/seo\/ -->\n<title>C&#039;est le mois du handicap dans le 9e. - Les P&#039;tits Matins<\/title>\n<meta name=\"robots\" content=\"index, follow, max-snippet:-1, max-image-preview:large, max-video-preview:-1\" \/>\n<link rel=\"canonical\" href=\"https:\/\/www.lesptitsmatins.fr\/index.php\/2021\/06\/10\/cest-le-mois-du-handicap-dans-le-9e\/\" \/>\n<meta property=\"og:locale\" content=\"fr_FR\" \/>\n<meta property=\"og:type\" content=\"article\" \/>\n<meta property=\"og:title\" content=\"C&#039;est le mois du handicap dans le 9e. - Les P&#039;tits Matins\" \/>\n<meta property=\"og:description\" content=\"\u00c0 l&rsquo;occasion du mois du handicap, la Mairie du 9e vous propose de participer \u00e0 divers animations. Prochaines animations : Quand : Samedi 12 juin de 15h \u00e0 16h Initiation ludique \u00e0 l&rsquo;art du mime pr\u00e9sence d&rsquo;interpr\u00e8te en LSF O\u00f9: Biblioth\u00e8que Louise Walser-Gaillard, 26 rue Chaptal 75009 R\u00e9servation obligatoire au 01 49 70 92 80 &hellip; Continuer la lecture de &laquo;&nbsp;C&rsquo;est le mois du handicap dans le 9e.&nbsp;&raquo;\" \/>\n<meta property=\"og:url\" content=\"https:\/\/www.lesptitsmatins.fr\/index.php\/2021\/06\/10\/cest-le-mois-du-handicap-dans-le-9e\/\" \/>\n<meta property=\"og:site_name\" content=\"Les P&#039;tits Matins\" \/>\n<meta property=\"article:published_time\" content=\"2021-06-10T08:58:46+00:00\" \/>\n<meta property=\"article:modified_time\" content=\"2021-06-10T08:58:48+00:00\" \/>\n<meta name=\"author\" content=\"olivier\" \/>\n<meta name=\"twitter:card\" content=\"summary_large_image\" \/>\n<meta name=\"twitter:label1\" content=\"\u00c9crit par\" \/>\n\t<meta name=\"twitter:data1\" content=\"olivier\" \/>\n<script type=\"application\/ld+json\" class=\"yoast-schema-graph\">{\"@context\":\"https:\/\/schema.org\",\"@graph\":[{\"@type\":\"WebPage\",\"@id\":\"https:\/\/www.lesptitsmatins.fr\/index.php\/2021\/06\/10\/cest-le-mois-du-handicap-dans-le-9e\/\",\"url\":\"https:\/\/www.lesptitsmatins.fr\/index.php\/2021\/06\/10\/cest-le-mois-du-handicap-dans-le-9e\/\",\"name\":\"C'est le mois du handicap dans le 9e. - Les P&#039;tits Matins\",\"isPartOf\":{\"@id\":\"https:\/\/www.lesptitsmatins.fr\/#website\"},\"datePublished\":\"2021-06-10T08:58:46+00:00\",\"dateModified\":\"2021-06-10T08:58:48+00:00\",\"author\":{\"@id\":\"https:\/\/www.lesptitsmatins.fr\/#\/schema\/person\/f07efde293a325a2bfad792a3b752f64\"},\"breadcrumb\":{\"@id\":\"https:\/\/www.lesptitsmatins.fr\/index.php\/2021\/06\/10\/cest-le-mois-du-handicap-dans-le-9e\/#breadcrumb\"},\"inLanguage\":\"fr-BE\",\"potentialAction\":[{\"@type\":\"ReadAction\",\"target\":[\"https:\/\/www.lesptitsmatins.fr\/index.php\/2021\/06\/10\/cest-le-mois-du-handicap-dans-le-9e\/\"]}]},{\"@type\":\"BreadcrumbList\",\"@id\":\"https:\/\/www.lesptitsmatins.fr\/index.php\/2021\/06\/10\/cest-le-mois-du-handicap-dans-le-9e\/#breadcrumb\",\"itemListElement\":[{\"@type\":\"ListItem\",\"position\":1,\"name\":\"Accueil\",\"item\":\"https:\/\/www.lesptitsmatins.fr\/\"},{\"@type\":\"ListItem\",\"position\":2,\"name\":\"C&rsquo;est le mois du handicap dans le 9e.\"}]},{\"@type\":\"WebSite\",\"@id\":\"https:\/\/www.lesptitsmatins.fr\/#website\",\"url\":\"https:\/\/www.lesptitsmatins.fr\/\",\"name\":\"Les Ptits Matins\",\"description\":\"Un lieu d&#039;accueil pour enfants en situation de handicap et leurs parents\",\"potentialAction\":[{\"@type\":\"SearchAction\",\"target\":{\"@type\":\"EntryPoint\",\"urlTemplate\":\"https:\/\/www.lesptitsmatins.fr\/?s={search_term_string}\"},\"query-input\":\"required name=search_term_string\"}],\"inLanguage\":\"fr-BE\"},{\"@type\":\"Person\",\"@id\":\"https:\/\/www.lesptitsmatins.fr\/#\/schema\/person\/f07efde293a325a2bfad792a3b752f64\",\"name\":\"olivier\",\"image\":{\"@type\":\"ImageObject\",\"inLanguage\":\"fr-BE\",\"@id\":\"https:\/\/www.lesptitsmatins.fr\/#\/schema\/person\/image\/\",\"url\":\"https:\/\/secure.gravatar.com\/avatar\/3260b2c730a76da623053ed057c0a7e3?s=96&d=mm&r=g\",\"contentUrl\":\"https:\/\/secure.gravatar.com\/avatar\/3260b2c730a76da623053ed057c0a7e3?s=96&d=mm&r=g\",\"caption\":\"olivier\"}}]}<\/script>\n<!-- \/ Yoast SEO plugin. -->","yoast_head_json":{"title":"C'est le mois du handicap dans le 9e. - Les P&#039;tits Matins","robots":{"index":"index","follow":"follow","max-snippet":"max-snippet:-1","max-image-preview":"max-image-preview:large","max-video-preview":"max-video-preview:-1"},"canonical":"https:\/\/www.lesptitsmatins.fr\/index.php\/2021\/06\/10\/cest-le-mois-du-handicap-dans-le-9e\/","og_locale":"fr_FR","og_type":"article","og_title":"C'est le mois du handicap dans le 9e. - Les P&#039;tits Matins","og_description":"\u00c0 l&rsquo;occasion du mois du handicap, la Mairie du 9e vous propose de participer \u00e0 divers animations. Prochaines animations : Quand : Samedi 12 juin de 15h \u00e0 16h Initiation ludique \u00e0 l&rsquo;art du mime pr\u00e9sence d&rsquo;interpr\u00e8te en LSF O\u00f9: Biblioth\u00e8que Louise Walser-Gaillard, 26 rue Chaptal 75009 R\u00e9servation obligatoire au 01 49 70 92 80 &hellip; Continuer la lecture de &laquo;&nbsp;C&rsquo;est le mois du handicap dans le 9e.&nbsp;&raquo;","og_url":"https:\/\/www.lesptitsmatins.fr\/index.php\/2021\/06\/10\/cest-le-mois-du-handicap-dans-le-9e\/","og_site_name":"Les P&#039;tits Matins","article_published_time":"2021-06-10T08:58:46+00:00","article_modified_time":"2021-06-10T08:58:48+00:00","author":"olivier","twitter_card":"summary_large_image","twitter_misc":{"\u00c9crit par":"olivier"},"schema":{"@context":"https:\/\/schema.org","@graph":[{"@type":"WebPage","@id":"https:\/\/www.lesptitsmatins.fr\/index.php\/2021\/06\/10\/cest-le-mois-du-handicap-dans-le-9e\/","url":"https:\/\/www.lesptitsmatins.fr\/index.php\/2021\/06\/10\/cest-le-mois-du-handicap-dans-le-9e\/","name":"C'est le mois du handicap dans le 9e. - Les P&#039;tits Matins","isPartOf":{"@id":"https:\/\/www.lesptitsmatins.fr\/#website"},"datePublished":"2021-06-10T08:58:46+00:00","dateModified":"2021-06-10T08:58:48+00:00","author":{"@id":"https:\/\/www.lesptitsmatins.fr\/#\/schema\/person\/f07efde293a325a2bfad792a3b752f64"},"breadcrumb":{"@id":"https:\/\/www.lesptitsmatins.fr\/index.php\/2021\/06\/10\/cest-le-mois-du-handicap-dans-le-9e\/#breadcrumb"},"inLanguage":"fr-BE","potentialAction":[{"@type":"ReadAction","target":["https:\/\/www.lesptitsmatins.fr\/index.php\/2021\/06\/10\/cest-le-mois-du-handicap-dans-le-9e\/"]}]},{"@type":"BreadcrumbList","@id":"https:\/\/www.lesptitsmatins.fr\/index.php\/2021\/06\/10\/cest-le-mois-du-handicap-dans-le-9e\/#breadcrumb","itemListElement":[{"@type":"ListItem","position":1,"name":"Accueil","item":"https:\/\/www.lesptitsmatins.fr\/"},{"@type":"ListItem","position":2,"name":"C&rsquo;est le mois du handicap dans le 9e."}]},{"@type":"WebSite","@id":"https:\/\/www.lesptitsmatins.fr\/#website","url":"https:\/\/www.lesptitsmatins.fr\/","name":"Les Ptits Matins","description":"Un lieu d&#039;accueil pour enfants en situation de handicap et leurs parents","potentialAction":[{"@type":"SearchAction","target":{"@type":"EntryPoint","urlTemplate":"https:\/\/www.lesptitsmatins.fr\/?s={search_term_string}"},"query-input":"required name=search_term_string"}],"inLanguage":"fr-BE"},{"@type":"Person","@id":"https:\/\/www.lesptitsmatins.fr\/#\/schema\/person\/f07efde293a325a2bfad792a3b752f64","name":"olivier","image":{"@type":"ImageObject","inLanguage":"fr-BE","@id":"https:\/\/www.lesptitsmatins.fr\/#\/schema\/person\/image\/","url":"https:\/\/secure.gravatar.com\/avatar\/3260b2c730a76da623053ed057c0a7e3?s=96&d=mm&r=g","contentUrl":"https:\/\/secure.gravatar.com\/avatar\/3260b2c730a76da623053ed057c0a7e3?s=96&d=mm&r=g","caption":"olivier"}}]}},"_links":{"self":[{"href":"https:\/\/www.lesptitsmatins.fr\/index.php\/wp-json\/wp\/v2\/posts\/234"}],"collection":[{"href":"https:\/\/www.lesptitsmatins.fr\/index.php\/wp-json\/wp\/v2\/posts"}],"about":[{"href":"https:\/\/www.lesptitsmatins.fr\/index.php\/wp-json\/wp\/v2\/types\/post"}],"author":[{"embeddable":true,"href":"https:\/\/www.lesptitsmatins.fr\/index.php\/wp-json\/wp\/v2\/users\/1"}],"replies":[{"embeddable":true,"href":"https:\/\/www.lesptitsmatins.fr\/index.php\/wp-json\/wp\/v2\/comments?post=234"}],"version-history":[{"count":3,"href":"https:\/\/www.lesptitsmatins.fr\/index.php\/wp-json\/wp\/v2\/posts\/234\/revisions"}],"predecessor-version":[{"id":237,"href":"https:\/\/www.lesptitsmatins.fr\/index.php\/wp-json\/wp\/v2\/posts\/234\/revisions\/237"}],"wp:attachment":[{"href":"https:\/\/www.lesptitsmatins.fr\/index.php\/wp-json\/wp\/v2\/media?parent=234"}],"wp:term":[{"taxonomy":"category","embeddable":true,"href":"https:\/\/www.lesptitsmatins.fr\/index.php\/wp-json\/wp\/v2\/categories?post=234"},{"taxonomy":"post_tag","embeddable":true,"href":"https:\/\/www.lesptitsmatins.fr\/index.php\/wp-json\/wp\/v2\/tags?post=234"}],"curies":[{"name":"wp","href":"https:\/\/api.w.org\/{rel}","templated":true}]}}